{"id":934,"date":"2025-07-04T10:54:35","date_gmt":"2025-07-04T10:54:35","guid":{"rendered":"https:\/\/drabernardetealmeida.pt\/?p=934"},"modified":"2025-07-25T20:20:12","modified_gmt":"2025-07-25T20:20:12","slug":"quest-ce-quun-implant-dentaire-a-mise-en-charge-immediate","status":"publish","type":"post","link":"https:\/\/drabernardetealmeida.pt\/fr\/quest-ce-quun-implant-dentaire-a-mise-en-charge-immediate\/","title":{"rendered":"Qu\u2019est-ce qu\u2019un Implant Dentaire \u00e0 Charge Imm\u00e9diate\u202f?"},"content":{"rendered":"<div class=\"wp-block-wrapper\"><div class=\"wp-block-wrapper__inner\">\n<p class=\"has-body-small-font-size wp-block-paragraph\">Vous avez perdu une ou plusieurs dents et vous souhaitez retrouver votre sourire sans attendre des mois ? Avec le <strong>implants dentaires avec mise en charge imm\u00e9diate<\/strong>, Il est possible de quitter la clinique avec une dent fixe le jour m\u00eame de l'intervention.<\/p>\n<\/div><\/div>\n\n<div class=\"wp-block-wrapper\"><div class=\"wp-block-wrapper__inner\">\n<p class=\"has-body-small-font-size wp-block-paragraph\">Il s'agit de l'un des traitements les plus modernes de l'implantologie, qui a transform\u00e9 la vie de nombreux patients en Europe. <strong>Lisbonne<\/strong>.<\/p>\n<\/div><\/div>\n\n<div class=\"wp-block-wrapper\"><div class=\"wp-block-wrapper__inner\">\n<h3 class=\"wp-block-heading has-title-small-font-size\">Qu'est-ce qu'un implant \u00e0 mise en charge imm\u00e9diate ?<\/h3>\n<\/div><\/div>\n\n<div class=\"wp-block-wrapper\"><div class=\"wp-block-wrapper__inner\">\n<p class=\"has-body-small-font-size wp-block-paragraph\">Contrairement \u00e0 la m\u00e9thode traditionnelle, qui n\u00e9cessite des mois d'attente pour fixer la proth\u00e8se sur l'implant, le <strong>chargement imm\u00e9diat<\/strong> permet de poser la proth\u00e8se provisoire le jour m\u00eame de l'intervention. Le patient repart donc avec une dent fixe, fonctionnelle et esth\u00e9tiquement naturelle.<\/p>\n<\/div><\/div>\n\n<div class=\"wp-block-wrapper\"><div class=\"wp-block-wrapper__inner\">\n<h3 class=\"wp-block-heading has-title-small-font-size\">Avantages des implants \u00e0 mise en charge imm\u00e9diate<\/h3>\n<\/div><\/div>\n\n<div class=\"wp-block-wrapper\"><div class=\"wp-block-wrapper__inner\">\n<ul start=\"1\" class=\"wp-block-list has-body-normal-font-size\">\n<li class=\"has-body-normal-font-size\">Un nouveau sourire en 24 heures<\/li>\n\n\n\n<li>Proc\u00e9dure s\u00fbre et moins invasive<\/li>\n\n\n\n<li>Pr\u00e9serve les os et les gencives<\/li>\n\n\n\n<li>R\u00e9duction de la dur\u00e9e totale du traitement<\/li>\n\n\n\n<li class=\"has-body-normal-font-size\">Am\u00e9lioration imm\u00e9diate de l'estime de soi et de la fonction masticatoire<\/li>\n<\/ul>\n<\/div><\/div>\n\n\r\n\r\n\r\n\r\n<!-- Block -->\r\n<section style=\"background-color: var(--color-secondary);background-position: 50% 50%;--padding-top: 120px;--padding-bottom: 120px\" class=\"block fifty-block block--content-left fifty-block--ratio-1-1 fifty-block--image-style-normal fifty-block--image-first fifty-block--full-width-media block--animation-on wp-block-tesoiosanablocks-fifty\">\r\n\r\n\t<!-- Inner block -->\r\n\t<div class=\"block__inner fifty-block__inner\">\r\n\t\t<section class=\"fifty-block__content-section animation-trigger\" style=\"width: 50%;\">\r\n\t\t\t<!-- Subtitle, title and paragraph -->\r\n\t\t\t\r\n\t\t\r\n\t\t\r\n\t\t\t\t\t<h2\t\t\t\tclass=\"block__title title-medium animation-reveal--up animation-delay--1st dont-break-out-on-long-words\"\r\n\t\t\t\tstyle=\"\t\t\t\t\tcolor: var(--color-main);\t\t\t\t\ttext-align: left;\t\t\t\t\t max-width: 440px; \t\t\t\t\t margin-bottom: calc(20px * var(--mobile-text-bottom-margin-ratio, 1)); \t\t\t\t\t\t\t\t\t\"\r\n\t\t\t>\r\n\t\t\t\tEst-il adapt\u00e9 \u00e0 tous les cas ?\t\t\t<\/h2>\r\n\t\t\r\n\t\t\r\n\t\t\t\t\t<p\t\t\t\tclass=\"block__paragraph body-normal animation-reveal--up animation-delay--2nd dont-break-out-on-long-words\"\r\n\t\t\t\tstyle=\"\t\t\t\t\tcolor: var(--color-main);\t\t\t\t\ttext-align: left;\t\t\t\t\t max-width: 440px; \t\t\t\t\t margin-bottom: calc(20px * var(--mobile-text-bottom-margin-ratio, 1)); \t\t\t\t\t\t\t\t\t\"\r\n\t\t\t>\r\n\t\t\t\tTous les patients ne sont pas candidats \u00e0 une mise en charge imm\u00e9diate. L'\u00e9tat de sant\u00e9 g\u00e9n\u00e9ral, la qualit\u00e9 de l'os et d'autres facteurs cliniques doivent \u00eatre \u00e9valu\u00e9s. C'est la raison pour laquelle les patients ne sont pas tous candidats \u00e0 une mise en charge imm\u00e9diate. <strong>consultation avec \u00e9valuation d\u00e9taill\u00e9e<\/strong> est essentielle pour d\u00e9finir le plan id\u00e9al.\t\t\t<\/p>\r\n\t\t\r\n\t\t\r\n\t\t\t<!-- List -->\r\n\t\t\t\r\n\t\t\r\n\t\t\r\n\t\t\t<!-- Link -->\r\n\t\t\t\r\n\t\t\t\t\t<a\t\t\t\thref=\"https:\/\/drabernardetealmeida.pt\/fr\/contact-et-localisation\/\"\r\n\t\t\t\ttarget=\"_self\"\r\n\t\t\t\tclass=\"fifty-block__link body-small cta-link animation-reveal--up animation-delay--3rd dont-break-out-on-long-words\"\r\n\t\t\t\tstyle=\"\t\t\t\t\tcolor: var(--color-secondary);\t\t\t\t\t border-radius: 50px; \t\t\t\t\t background-color: var(--color-main); \t\t\t\t\t\t\t\t\t\"\r\n\t\t\t>\r\n\t\t\t\tR\u00e9server une \u00e9valuation gratuite\t\t\t<\/a>\r\n\t\t\r\n\t\t\t\t<\/section>\r\n\r\n\t\t<section class=\"fifty-block__image-section animation-trigger\" style=\"width: 50%;\">\r\n\t\t\t<div class=\"fifty-block__image-wrapper\" style=\"--image-size: 85%;\">\r\n\t\t\t\t\t\t\t\t\t\t\t\t\t\t<img \r\n\t\t\t\t\t\tclass=\"fifty-block__image animation-reveal--in\"\r\n\t\t\t\t\t\tstyle=\"--border-radius: 20px;\"\r\n\t\t\t\t\t\tsrc=\"https:\/\/drabernardetealmeida.pt\/wp-content\/uploads\/2025\/07\/O-que-e-Implante-Dentario-com-Carga-Imediata-2-e1751626419356.jpg\"\r\n\t\t\t\t\t\talt=\"Qu&#039;est-ce qu&#039;un implant dentaire \u00e0 charge imm\u00e9diate ? 2\"\r\n\t\t\t\t\t\t\t\t\t\t\t\t\tsrcset=\"https:\/\/drabernardetealmeida.pt\/wp-content\/uploads\/2025\/07\/O-que-e-Implante-Dentario-com-Carga-Imediata-2-e1751626419356.jpg 725w, https:\/\/drabernardetealmeida.pt\/wp-content\/uploads\/2025\/07\/O-que-e-Implante-Dentario-com-Carga-Imediata-2-e1751626419356-300x278.jpg 300w\"\r\n\t\t\t\t\t\t\tsizes=\"(max-width: 768px) 100vw, 581px\"\r\n\t\t\t\t\t\t\t\t\t\t\t\/>\r\n\t\t\t\t\t\t\t<\/div>\r\n\t\t<\/section>\r\n\t<\/div>\r\n\r\n<\/section>\n\n<div class=\"wp-block-wrapper\"><div class=\"wp-block-wrapper__inner\">\n<p class=\"has-title-small-font-size wp-block-paragraph\">Implants dentaires \u00e0 Lisbonne<\/p>\n<\/div><\/div>\n\n<div class=\"wp-block-wrapper\"><div class=\"wp-block-wrapper__inner\">\n<p class=\"has-body-normal-font-size wp-block-paragraph\">Dr Bernardete Almeida, utilise <strong>technologie de pointe<\/strong>, Nous utilisons des mat\u00e9riaux de haute qualit\u00e9 et des techniques modernes pour offrir des r\u00e9sultats durables et confortables. En mettant l'accent sur l'esth\u00e9tique et la fonctionnalit\u00e9, chaque cas est trait\u00e9 avec une attention personnalis\u00e9e.<\/p>\n<\/div><\/div>\n\n<div class=\"wp-block-wrapper\"><div class=\"wp-block-wrapper__inner\">\n<p class=\"has-body-normal-font-size wp-block-paragraph\"><strong>Prenez rendez-vous et d\u00e9couvrez si un implant \u00e0 mise en charge imm\u00e9diate est adapt\u00e9 \u00e0 votre sourire.<\/strong><\/p>\n<\/div><\/div>\n\n\r\n\r\n\r\n\r\n<!-- Block -->\r\n<section style=\"background-color: var(--color-negative);background-position: 50% 50%;--padding-top: 110px;--padding-bottom: 110px\" class=\"block fifty-block block--content-left fifty-block--ratio-1-1 fifty-block--image-style-normal fifty-block--image-first fifty-block--full-width-media block--animation-on wp-block-tesoiosanablocks-fifty\">\r\n\r\n\t<!-- Inner block -->\r\n\t<div class=\"block__inner fifty-block__inner\">\r\n\t\t<section class=\"fifty-block__content-section animation-trigger\" style=\"width: 50%;\">\r\n\t\t\t<!-- Subtitle, title and paragraph -->\r\n\t\t\t\r\n\t\t\t\t\t<h4\t\t\t\tclass=\"block__subtitle subtitle animation-reveal--up animation-delay--1st dont-break-out-on-long-words\"\r\n\t\t\t\tstyle=\"\t\t\t\t\tcolor: var(--color-main);\t\t\t\t\ttext-align: left;\t\t\t\t\t max-width: 440px; \t\t\t\t\t margin-bottom: calc(20px * var(--mobile-text-bottom-margin-ratio, 1)); \t\t\t\t\t\t\t\t\t\"\r\n\t\t\t>\r\n\t\t\t\tO\u00f9 suis-je\t\t\t<\/h4>\r\n\t\t\r\n\t\t\r\n\t\t\t\t\t<h2\t\t\t\tclass=\"block__title title-medium animation-reveal--up animation-delay--2nd dont-break-out-on-long-words\"\r\n\t\t\t\tstyle=\"\t\t\t\t\tcolor: var(--color-main);\t\t\t\t\ttext-align: left;\t\t\t\t\t max-width: 440px; \t\t\t\t\t margin-bottom: calc(22px * var(--mobile-text-bottom-margin-ratio, 1)); \t\t\t\t\t\t\t\t\t\"\r\n\t\t\t>\r\n\t\t\t\tCliniques \u00e0<br>Lisbonne &amp; Almada\t\t\t<\/h2>\r\n\t\t\r\n\t\t\r\n\t\t\t\t\t<p\t\t\t\tclass=\"block__paragraph body-normal animation-reveal--up animation-delay--3rd dont-break-out-on-long-words\"\r\n\t\t\t\tstyle=\"\t\t\t\t\tcolor: var(--color-main);\t\t\t\t\ttext-align: left;\t\t\t\t\t max-width: 440px; \t\t\t\t\t margin-bottom: calc(26px * var(--mobile-text-bottom-margin-ratio, 1)); \t\t\t\t\t\t\t\t\t\"\r\n\t\t\t>\r\n\t\t\t\tChoisissez l\u2019unit\u00e9 la plus pratique pour vous \u2014 je suis pr\u00e9sente dans plusieurs cliniques de la Grande Lisbonne et d\u2019Almada.\t\t\t<\/p>\r\n\t\t\r\n\t\t\r\n\t\t\t<!-- List -->\r\n\t\t\t\r\n\t\t\r\n\t\t\r\n\t\t\t<!-- Link -->\r\n\t\t\t\r\n\t\t\t\t\t<a\t\t\t\thref=\"https:\/\/drabernardetealmeida.pt\/fr\/contact-et-localisation\/\"\r\n\t\t\t\ttarget=\"_self\"\r\n\t\t\t\tclass=\"fifty-block__link body-small cta-link animation-reveal--up animation-delay--4th dont-break-out-on-long-words\"\r\n\t\t\t\tstyle=\"\t\t\t\t\tcolor: var(--color-negative);\t\t\t\t\t border-radius: 50px; \t\t\t\t\t background-color: var(--color-main); \t\t\t\t\t\t\t\t\t\"\r\n\t\t\t>\r\n\t\t\t\tVoir Contact et Localisations\t\t\t<\/a>\r\n\t\t\r\n\t\t\t\t<\/section>\r\n\r\n\t\t<section class=\"fifty-block__image-section animation-trigger\" style=\"width: 50%;\">\r\n\t\t\t<div class=\"fifty-block__image-wrapper\" style=\"--image-size: 88%;\">\r\n\t\t\t\t\t\t\t\t\t\t\t\t\t\t<img \r\n\t\t\t\t\t\tclass=\"fifty-block__image animation-reveal--in\"\r\n\t\t\t\t\t\tstyle=\"--border-radius: 20px;\"\r\n\t\t\t\t\t\tsrc=\"https:\/\/drabernardetealmeida.pt\/wp-content\/uploads\/2025\/06\/IMG_4409-1.jpg\"\r\n\t\t\t\t\t\talt=\"\"\r\n\t\t\t\t\t\t\t\t\t\t\t\t\tsrcset=\"https:\/\/drabernardetealmeida.pt\/wp-content\/uploads\/2025\/06\/IMG_4409-1.jpg 1000w, https:\/\/drabernardetealmeida.pt\/wp-content\/uploads\/2025\/06\/IMG_4409-1-200x300.jpg 200w, https:\/\/drabernardetealmeida.pt\/wp-content\/uploads\/2025\/06\/IMG_4409-1-683x1024.jpg 683w, https:\/\/drabernardetealmeida.pt\/wp-content\/uploads\/2025\/06\/IMG_4409-1-768x1152.jpg 768w\"\r\n\t\t\t\t\t\t\tsizes=\"(max-width: 768px) 100vw, 602px\"\r\n\t\t\t\t\t\t\t\t\t\t\t\/>\r\n\t\t\t\t\t\t\t<\/div>\r\n\t\t<\/section>\r\n\t<\/div>\r\n\r\n<\/section>","protected":false},"excerpt":{"rendered":"<p>Perdeu um ou mais dentes e quer recuperar o sorriso sem esperar meses? Com os implantes dent\u00e1rios com carga imediata, \u00e9 poss\u00edvel sair da cl\u00ednica com um dente fixo no mesmo dia da cirurgia. Este \u00e9 um dos tratamentos mais modernos da implantologia e tem transformado a vida de muitos pacientes em Lisboa. O que [&hellip;]<\/p>\n","protected":false},"author":2,"featured_media":974,"comment_status":"open","ping_status":"open","sticky":false,"template":"","format":"standard","meta":{"footnotes":""},"categories":[13],"tags":[],"class_list":["post-934","post","type-post","status-publish","format-standard","has-post-thumbnail","hentry","category-implantologia"],"_links":{"self":[{"href":"https:\/\/drabernardetealmeida.pt\/fr\/wp-json\/wp\/v2\/posts\/934","targetHints":{"allow":["GET"]}}],"collection":[{"href":"https:\/\/drabernardetealmeida.pt\/fr\/wp-json\/wp\/v2\/posts"}],"about":[{"href":"https:\/\/drabernardetealmeida.pt\/fr\/wp-json\/wp\/v2\/types\/post"}],"author":[{"embeddable":true,"href":"https:\/\/drabernardetealmeida.pt\/fr\/wp-json\/wp\/v2\/users\/2"}],"replies":[{"embeddable":true,"href":"https:\/\/drabernardetealmeida.pt\/fr\/wp-json\/wp\/v2\/comments?post=934"}],"version-history":[{"count":3,"href":"https:\/\/drabernardetealmeida.pt\/fr\/wp-json\/wp\/v2\/posts\/934\/revisions"}],"predecessor-version":[{"id":971,"href":"https:\/\/drabernardetealmeida.pt\/fr\/wp-json\/wp\/v2\/posts\/934\/revisions\/971"}],"wp:featuredmedia":[{"embeddable":true,"href":"https:\/\/drabernardetealmeida.pt\/fr\/wp-json\/wp\/v2\/media\/974"}],"wp:attachment":[{"href":"https:\/\/drabernardetealmeida.pt\/fr\/wp-json\/wp\/v2\/media?parent=934"}],"wp:term":[{"taxonomy":"category","embeddable":true,"href":"https:\/\/drabernardetealmeida.pt\/fr\/wp-json\/wp\/v2\/categories?post=934"},{"taxonomy":"post_tag","embeddable":true,"href":"https:\/\/drabernardetealmeida.pt\/fr\/wp-json\/wp\/v2\/tags?post=934"}],"curies":[{"name":"wp","href":"https:\/\/api.w.org\/{rel}","templated":true}]}}